{"id":3781,"date":"2022-08-09T09:58:16","date_gmt":"2022-08-09T06:58:16","guid":{"rendered":"https:\/\/www.agrifood.lt\/?p=3781"},"modified":"2022-08-09T09:58:47","modified_gmt":"2022-08-09T06:58:47","slug":"director-of-agrifood-lithuania-has-been-appointed-vice-chair-of-the-business-at-oecd-food-and-agriculture-committee","status":"publish","type":"post","link":"https:\/\/www.agrifood.lt\/en\/director-of-agrifood-lithuania-has-been-appointed-vice-chair-of-the-business-at-oecd-food-and-agriculture-committee\/","title":{"rendered":"Director of AgriFood Lithuania has been appointed Vice Chair of the Business at OECD Food and Agriculture Committee"},"content":{"rendered":"<p>The Business and Industry Advisory Committee (BIAC), operating under the Organization for Economic Cooperation and Development (OECD), has appointed Kristina \u0160ermuk\u0161nyt\u0117-Ale\u0161i\u016bnien\u0117, the director of AgriFood Lithuania and the Chairwoman of the Lithuanian Confederation of Industrialists (LPK) Agrifood and Bioeconomy Committee, as the Vice Chairwoman of the BIAC Food and Agriculture Committee. This is the first time when a representative of Lithuania is appointed to be the Vice Chairman of one of the committees of this organization.<\/p>\n<p>BIAC members unite the largest business organizations of OECD member countries, including LPK. The Business and Industry Advisory Committee plays an important role in representing different sectors and sharing their insights. The BIAC Food and Agriculture Committee aims to increase the resilience of the agrifood sector and contributes by sharing expert knowledge in solving its problems &#8211; securing food supply chains, managing natural resources, etc.<\/p>\n<p>&#8220;The war in Ukraine has threatened the supply of major grain crops, the costs of raw materials, processing and transportation have increased significantly and the world is more and more talking about a food crisis, so it is very important that we have our expert in the BIAC Food and Agriculture Committee. For us, this is an opportunity to exchange the latest information, and also to strengthen the position of LPK in the formation of the policy of the agrifood and food industry sectors&#8221;, said Vidmantas Janulevi\u010dius, president of LPK.<\/p>\n<p>\u0160ermuk\u0161nyt\u0117-Ale\u0161i\u016bnien\u0117 highlighted that it will be a great opportunity to effectively use the professional experience gained so far.<\/p>\n<p>&#8220;The trust and responsibility given will be a great opportunity to use the competences gained during my professional work experience of more than 13 years in the development of innovative and digital products and technologies of the agrifood sector, and in the work of an international expert on the topics of digitalization of the agrifood sector, R&amp;D and the creation and development of the innovation ecosystem. I have no doubt that the experience I have in working together with the business and scientific community as well as Lithuanian and European policy makers will allow me to contribute to strengthening the influence of the Business at OECD Food and Agriculture Committee in shaping the agrifood sector&#8217;s policy of the world&#8217;s most advanced governments. I hope to actively contribute to the formation of the committee&#8217;s positions on the most important topics for the sector at the moment, such as strengthening food value chains, providing the world&#8217;s population with healthy and high-quality food, creating a sustainable environment and managing climate change,&#8221; said the new Vice Chairwoman of the Business at OECD Food and Agriculture Committee and the Chairwoman of the Lithuanian Confederation of Industrialists Agrifood and Bioeconomy Committee K. \u0160ermuk\u0161nyt\u0117-Ale\u0161i\u016bnien\u0117.<\/p>\n","protected":false},"excerpt":{"rendered":"<p>The Business and Industry Advisory Committee (BIAC), operating under the Organization for Economic Cooperation and Development (OECD), has appointed Kristina [&hellip;]<\/p>\n","protected":false},"author":1,"featured_media":3632,"comment_status":"closed","ping_status":"open","sticky":false,"template":"","format":"standard","meta":[],"categories":[26,24,2],"tags":[],"yoast_head":"<!-- This site is optimized with the Yoast SEO plugin v17.2.1 - https:\/\/yoast.com\/wordpress\/plugins\/seo\/ -->\n<title>Director of AgriFood Lithuania has been appointed Vice Chair of the Business at OECD Food and Agriculture Committee - AgriFood Lithuania DIH<\/title>\n<meta name=\"robots\" content=\"index, follow, max-snippet:-1, max-image-preview:large, max-video-preview:-1\" \/>\n<link rel=\"canonical\" href=\"https:\/\/www.agrifood.lt\/en\/director-of-agrifood-lithuania-has-been-appointed-vice-chair-of-the-business-at-oecd-food-and-agriculture-committee\/\" \/>\n<meta property=\"og:locale\" content=\"en_US\" \/>\n<meta property=\"og:type\" content=\"article\" \/>\n<meta property=\"og:title\" content=\"Director of AgriFood Lithuania has been appointed Vice Chair of the Business at OECD Food and Agriculture Committee - AgriFood Lithuania DIH\" \/>\n<meta property=\"og:description\" content=\"The Business and Industry Advisory Committee (BIAC), operating under the Organization for Economic Cooperation and Development (OECD), has appointed Kristina [&hellip;]\" \/>\n<meta property=\"og:url\" content=\"https:\/\/www.agrifood.lt\/en\/director-of-agrifood-lithuania-has-been-appointed-vice-chair-of-the-business-at-oecd-food-and-agriculture-committee\/\" \/>\n<meta property=\"og:site_name\" content=\"AgriFood Lithuania DIH\" \/>\n<meta property=\"article:published_time\" content=\"2022-08-09T06:58:16+00:00\" \/>\n<meta property=\"article:modified_time\" content=\"2022-08-09T06:58:47+00:00\" \/>\n<meta property=\"og:image\" content=\"https:\/\/www.agrifood.lt\/wp-content\/uploads\/2022\/07\/image_6483441.jpg\" \/>\n\t<meta property=\"og:image:width\" content=\"1364\" \/>\n\t<meta property=\"og:image:height\" content=\"908\" \/>\n<meta name=\"twitter:card\" content=\"summary_large_image\" \/>\n<meta name=\"twitter:label1\" content=\"Written by\" \/>\n\t<meta name=\"twitter:data1\" content=\"admin\" \/>\n\t<meta name=\"twitter:label2\" content=\"Est. reading time\" \/>\n\t<meta name=\"twitter:data2\" content=\"2 minutes\" \/>\n<script type=\"application\/ld+json\" class=\"yoast-schema-graph\">{\"@context\":\"https:\/\/schema.org\",\"@graph\":[{\"@type\":\"WebSite\",\"@id\":\"https:\/\/www.agrifood.lt\/#website\",\"url\":\"https:\/\/www.agrifood.lt\/\",\"name\":\"AgriFood Lithuania DIH\",\"description\":\"The Future of Smart Agriculture is Now\",\"potentialAction\":[{\"@type\":\"SearchAction\",\"target\":{\"@type\":\"EntryPoint\",\"urlTemplate\":\"https:\/\/www.agrifood.lt\/?s={search_term_string}\"},\"query-input\":\"required name=search_term_string\"}],\"inLanguage\":\"en-US\"},{\"@type\":\"ImageObject\",\"@id\":\"https:\/\/www.agrifood.lt\/en\/director-of-agrifood-lithuania-has-been-appointed-vice-chair-of-the-business-at-oecd-food-and-agriculture-committee\/#primaryimage\",\"inLanguage\":\"en-US\",\"url\":\"https:\/\/www.agrifood.lt\/wp-content\/uploads\/2022\/07\/image_6483441.jpg\",\"contentUrl\":\"https:\/\/www.agrifood.lt\/wp-content\/uploads\/2022\/07\/image_6483441.jpg\",\"width\":1364,\"height\":908},{\"@type\":\"WebPage\",\"@id\":\"https:\/\/www.agrifood.lt\/en\/director-of-agrifood-lithuania-has-been-appointed-vice-chair-of-the-business-at-oecd-food-and-agriculture-committee\/#webpage\",\"url\":\"https:\/\/www.agrifood.lt\/en\/director-of-agrifood-lithuania-has-been-appointed-vice-chair-of-the-business-at-oecd-food-and-agriculture-committee\/\",\"name\":\"Director of AgriFood Lithuania has been appointed Vice Chair of the Business at OECD Food and Agriculture Committee - AgriFood Lithuania DIH\",\"isPartOf\":{\"@id\":\"https:\/\/www.agrifood.lt\/#website\"},\"primaryImageOfPage\":{\"@id\":\"https:\/\/www.agrifood.lt\/en\/director-of-agrifood-lithuania-has-been-appointed-vice-chair-of-the-business-at-oecd-food-and-agriculture-committee\/#primaryimage\"},\"datePublished\":\"2022-08-09T06:58:16+00:00\",\"dateModified\":\"2022-08-09T06:58:47+00:00\",\"author\":{\"@id\":\"https:\/\/www.agrifood.lt\/#\/schema\/person\/171cbf565095f1b9dc03796c155331c4\"},\"breadcrumb\":{\"@id\":\"https:\/\/www.agrifood.lt\/en\/director-of-agrifood-lithuania-has-been-appointed-vice-chair-of-the-business-at-oecd-food-and-agriculture-committee\/#breadcrumb\"},\"inLanguage\":\"en-US\",\"potentialAction\":[{\"@type\":\"ReadAction\",\"target\":[\"https:\/\/www.agrifood.lt\/en\/director-of-agrifood-lithuania-has-been-appointed-vice-chair-of-the-business-at-oecd-food-and-agriculture-committee\/\"]}]},{\"@type\":\"BreadcrumbList\",\"@id\":\"https:\/\/www.agrifood.lt\/en\/director-of-agrifood-lithuania-has-been-appointed-vice-chair-of-the-business-at-oecd-food-and-agriculture-committee\/#breadcrumb\",\"itemListElement\":[{\"@type\":\"ListItem\",\"position\":1,\"name\":\"Home\",\"item\":\"https:\/\/www.agrifood.lt\/en\/\"},{\"@type\":\"ListItem\",\"position\":2,\"name\":\"Director of AgriFood Lithuania has been appointed Vice Chair of the Business at OECD Food and Agriculture Committee\"}]},{\"@type\":\"Person\",\"@id\":\"https:\/\/www.agrifood.lt\/#\/schema\/person\/171cbf565095f1b9dc03796c155331c4\",\"name\":\"admin\",\"image\":{\"@type\":\"ImageObject\",\"@id\":\"https:\/\/www.agrifood.lt\/#personlogo\",\"inLanguage\":\"en-US\",\"url\":\"https:\/\/secure.gravatar.com\/avatar\/e7f36894b4d76a618412bec7efd5c6c0?s=96&d=mm&r=g\",\"contentUrl\":\"https:\/\/secure.gravatar.com\/avatar\/e7f36894b4d76a618412bec7efd5c6c0?s=96&d=mm&r=g\",\"caption\":\"admin\"},\"sameAs\":[\"https:\/\/www.agrifood.lt\"],\"url\":\"https:\/\/www.agrifood.lt\/en\/author\/admin\/\"}]}<\/script>\n<!-- \/ Yoast SEO plugin. -->","yoast_head_json":{"title":"Director of AgriFood Lithuania has been appointed Vice Chair of the Business at OECD Food and Agriculture Committee - AgriFood Lithuania DIH","robots":{"index":"index","follow":"follow","max-snippet":"max-snippet:-1","max-image-preview":"max-image-preview:large","max-video-preview":"max-video-preview:-1"},"canonical":"https:\/\/www.agrifood.lt\/en\/director-of-agrifood-lithuania-has-been-appointed-vice-chair-of-the-business-at-oecd-food-and-agriculture-committee\/","og_locale":"en_US","og_type":"article","og_title":"Director of AgriFood Lithuania has been appointed Vice Chair of the Business at OECD Food and Agriculture Committee - AgriFood Lithuania DIH","og_description":"The Business and Industry Advisory Committee (BIAC), operating under the Organization for Economic Cooperation and Development (OECD), has appointed Kristina [&hellip;]","og_url":"https:\/\/www.agrifood.lt\/en\/director-of-agrifood-lithuania-has-been-appointed-vice-chair-of-the-business-at-oecd-food-and-agriculture-committee\/","og_site_name":"AgriFood Lithuania DIH","article_published_time":"2022-08-09T06:58:16+00:00","article_modified_time":"2022-08-09T06:58:47+00:00","og_image":[{"width":1364,"height":908,"url":"https:\/\/www.agrifood.lt\/wp-content\/uploads\/2022\/07\/image_6483441.jpg","path":"\/var\/www\/agrifood\/wp-content\/uploads\/2022\/07\/image_6483441.jpg","size":"full","id":3632,"alt":"","pixels":1238512,"type":"image\/jpeg"}],"twitter_card":"summary_large_image","twitter_misc":{"Written by":"admin","Est. reading time":"2 minutes"},"schema":{"@context":"https:\/\/schema.org","@graph":[{"@type":"WebSite","@id":"https:\/\/www.agrifood.lt\/#website","url":"https:\/\/www.agrifood.lt\/","name":"AgriFood Lithuania DIH","description":"The Future of Smart Agriculture is Now","potentialAction":[{"@type":"SearchAction","target":{"@type":"EntryPoint","urlTemplate":"https:\/\/www.agrifood.lt\/?s={search_term_string}"},"query-input":"required name=search_term_string"}],"inLanguage":"en-US"},{"@type":"ImageObject","@id":"https:\/\/www.agrifood.lt\/en\/director-of-agrifood-lithuania-has-been-appointed-vice-chair-of-the-business-at-oecd-food-and-agriculture-committee\/#primaryimage","inLanguage":"en-US","url":"https:\/\/www.agrifood.lt\/wp-content\/uploads\/2022\/07\/image_6483441.jpg","contentUrl":"https:\/\/www.agrifood.lt\/wp-content\/uploads\/2022\/07\/image_6483441.jpg","width":1364,"height":908},{"@type":"WebPage","@id":"https:\/\/www.agrifood.lt\/en\/director-of-agrifood-lithuania-has-been-appointed-vice-chair-of-the-business-at-oecd-food-and-agriculture-committee\/#webpage","url":"https:\/\/www.agrifood.lt\/en\/director-of-agrifood-lithuania-has-been-appointed-vice-chair-of-the-business-at-oecd-food-and-agriculture-committee\/","name":"Director of AgriFood Lithuania has been appointed Vice Chair of the Business at OECD Food and Agriculture Committee - AgriFood Lithuania DIH","isPartOf":{"@id":"https:\/\/www.agrifood.lt\/#website"},"primaryImageOfPage":{"@id":"https:\/\/www.agrifood.lt\/en\/director-of-agrifood-lithuania-has-been-appointed-vice-chair-of-the-business-at-oecd-food-and-agriculture-committee\/#primaryimage"},"datePublished":"2022-08-09T06:58:16+00:00","dateModified":"2022-08-09T06:58:47+00:00","author":{"@id":"https:\/\/www.agrifood.lt\/#\/schema\/person\/171cbf565095f1b9dc03796c155331c4"},"breadcrumb":{"@id":"https:\/\/www.agrifood.lt\/en\/director-of-agrifood-lithuania-has-been-appointed-vice-chair-of-the-business-at-oecd-food-and-agriculture-committee\/#breadcrumb"},"inLanguage":"en-US","potentialAction":[{"@type":"ReadAction","target":["https:\/\/www.agrifood.lt\/en\/director-of-agrifood-lithuania-has-been-appointed-vice-chair-of-the-business-at-oecd-food-and-agriculture-committee\/"]}]},{"@type":"BreadcrumbList","@id":"https:\/\/www.agrifood.lt\/en\/director-of-agrifood-lithuania-has-been-appointed-vice-chair-of-the-business-at-oecd-food-and-agriculture-committee\/#breadcrumb","itemListElement":[{"@type":"ListItem","position":1,"name":"Home","item":"https:\/\/www.agrifood.lt\/en\/"},{"@type":"ListItem","position":2,"name":"Director of AgriFood Lithuania has been appointed Vice Chair of the Business at OECD Food and Agriculture Committee"}]},{"@type":"Person","@id":"https:\/\/www.agrifood.lt\/#\/schema\/person\/171cbf565095f1b9dc03796c155331c4","name":"admin","image":{"@type":"ImageObject","@id":"https:\/\/www.agrifood.lt\/#personlogo","inLanguage":"en-US","url":"https:\/\/secure.gravatar.com\/avatar\/e7f36894b4d76a618412bec7efd5c6c0?s=96&d=mm&r=g","contentUrl":"https:\/\/secure.gravatar.com\/avatar\/e7f36894b4d76a618412bec7efd5c6c0?s=96&d=mm&r=g","caption":"admin"},"sameAs":["https:\/\/www.agrifood.lt"],"url":"https:\/\/www.agrifood.lt\/en\/author\/admin\/"}]}},"_links":{"self":[{"href":"https:\/\/www.agrifood.lt\/en\/wp-json\/wp\/v2\/posts\/3781"}],"collection":[{"href":"https:\/\/www.agrifood.lt\/en\/wp-json\/wp\/v2\/posts"}],"about":[{"href":"https:\/\/www.agrifood.lt\/en\/wp-json\/wp\/v2\/types\/post"}],"author":[{"embeddable":true,"href":"https:\/\/www.agrifood.lt\/en\/wp-json\/wp\/v2\/users\/1"}],"replies":[{"embeddable":true,"href":"https:\/\/www.agrifood.lt\/en\/wp-json\/wp\/v2\/comments?post=3781"}],"version-history":[{"count":2,"href":"https:\/\/www.agrifood.lt\/en\/wp-json\/wp\/v2\/posts\/3781\/revisions"}],"predecessor-version":[{"id":3783,"href":"https:\/\/www.agrifood.lt\/en\/wp-json\/wp\/v2\/posts\/3781\/revisions\/3783"}],"wp:featuredmedia":[{"embeddable":true,"href":"https:\/\/www.agrifood.lt\/en\/wp-json\/wp\/v2\/media\/3632"}],"wp:attachment":[{"href":"https:\/\/www.agrifood.lt\/en\/wp-json\/wp\/v2\/media?parent=3781"}],"wp:term":[{"taxonomy":"category","embeddable":true,"href":"https:\/\/www.agrifood.lt\/en\/wp-json\/wp\/v2\/categories?post=3781"},{"taxonomy":"post_tag","embeddable":true,"href":"https:\/\/www.agrifood.lt\/en\/wp-json\/wp\/v2\/tags?post=3781"}],"curies":[{"name":"wp","href":"https:\/\/api.w.org\/{rel}","templated":true}]}}